{"id":18068,"date":"2024-12-22T11:22:04","date_gmt":"2024-12-22T10:22:04","guid":{"rendered":"https:\/\/geomatik.ch\/?p=18068"},"modified":"2024-12-22T11:22:07","modified_gmt":"2024-12-22T10:22:07","slug":"generationen-und-ihre-herausforderungen-young-generation","status":"publish","type":"post","link":"https:\/\/geomatik.ch\/fr\/generationen-und-ihre-herausforderungen-young-generation\/","title":{"rendered":"Generationen und ihre Herausforderungen (Young generation)"},"content":{"rendered":"\n<p class=\"wp-block-paragraph\">Mit der Initiative \u00abYoung generation\u00bb will GEOSUISSE seinen Mitgliedern eine Hilfestellung geben, die unterschiedlichen Bed\u00fcrfnisse der verschiedenen Generationen zu erkennen, angemessen zu begegnen, Generationskonflikte zu vermeiden oder besser: Die Chancen der verschiedenen Generationen f\u00fcr eine erfolgreiche und erf\u00fcllende Teamarbeit zu nutzen. Pauschalisierungen wie \u00abTypgisch Gen Z\u00bb oder \u00abImmer diese Boomer\u00bb werden aufgel\u00f6st. Es werden spannendes Hintergrundwissen und fundierte Tipps zu den Generationen und zur Zusammenarbeit vermittelt. Die ersten zwei Feierabendgespr\u00e4che sind:<\/p>\n\n\n\n<p class=\"wp-block-paragraph\"><strong>Zusammenarbeit zwischen Generationen<\/strong><\/p>\n\n\n\n<p class=\"wp-block-paragraph\">Aktuell sind vier Generationen auf dem Arbeitsmarkt vertreten: Baby Boomer, Generation X, Y und Z.<\/p>\n\n\n\n<p class=\"wp-block-paragraph\">Diese vielf\u00e4ltige Mischung ist f\u00fcr Mitarbeitende und F\u00fchrungskr\u00e4fte eine Herausforderung und zugleich eine grosse Chance. Es stellt sich die Frage, wie Unternehmen sicherstellen k\u00f6nnen, dass die verschiedenen Generationen noch besser miteinander zusammenarbeiten.<\/p>\n\n\n\n<p class=\"wp-block-paragraph\">Das Feierabendgespr\u00e4ch setzt darauf, die Verbindung unter den Generationen zu st\u00e4rken, bestehende Gemeinsamkeiten zu identifizieren und individuelle St\u00e4rken zusammenzuf\u00fchren. So entsteht eine wertsch\u00e4tzende, motivierende und dynamische Arbeitsumgebung, in der sich jede Generation optimal einbringen kann.<\/p>\n\n\n\n<p class=\"wp-block-paragraph\">Datum: 18. M\u00e4rz 2025<br>Ort: Hotel Radisson Blu Luzern<\/p>\n\n\n\n<p class=\"wp-block-paragraph\">\u21d2 <a href=\"https:\/\/express.converia.de\/frontend\/index.php?page_id=34044&amp;booking_registration_action=show&amp;booking_registration_controller=offer\" target=\"_blank\" rel=\"noreferrer noopener\">Anmeldung<\/a><\/p>\n\n\n\n<p class=\"wp-block-paragraph\"><strong>Bridging the gap: Relevante Erkenntnisse zum Onboarding f\u00fcr zukunftsf\u00e4hige Unternehmen<\/strong><br><strong>\u21d2<\/strong><strong> NEUES DATUM (5. Juni 2025 anstelle 29. Januar 2025)<\/strong><\/p>\n\n\n\n<p class=\"wp-block-paragraph\">Die Bed\u00fcrfnisse der Arbeitnehmenden an die Rekrutierung und das Onboarding haben sich in der neuen Arbeitswelt ver\u00e4ndert. Unterschiedliche Vorstellungen der Generationen und Geschlechter wirken sich auf die Erwartungen der Arbeitnehmenden beim Stellenwechsel aus.<\/p>\n\n\n\n<p class=\"wp-block-paragraph\">Basierend auf einer breit abgest\u00fctzten Generationen-Umfrage werden folgende Fragestellungen beantwortet:<br>&#8211; Wie sprechen Stelleninserate unterschiedliche Zielgruppen an?<br>&#8211; Was sind konkrete Erwartungen der Arbeitnehmenden bei einem Stellenwechsel?<br>&#8211; Was sind Do`s und Don`ts im generationen\u00fcbergreifenden Onboarding?<\/p>\n\n\n\n<p class=\"wp-block-paragraph\">Diese Antworten helfen Unternehmen ihren Onboarding-Prozess zukunftsgerichtet zu gestalten, die ben\u00f6tigten Fachkr\u00e4fte zielgruppenad\u00e4quat anzusprechen und den Grundstein f\u00fcr langfristige Zusammenarbeit zu legen.<\/p>\n\n\n\n<p class=\"wp-block-paragraph\">Datum: 5. Juni 2025<br>Ort: Hotel Olten<\/p>\n\n\n\n<p class=\"wp-block-paragraph\">\u21d2 <a href=\"https:\/\/express.converia.de\/frontend\/index.php?page_id=34044&amp;booking_registration_action=show&amp;booking_registration_controller=offer\" target=\"_blank\" rel=\"noreferrer noopener\">Anmeldung<\/a><\/p>\n\n\n\n<p class=\"wp-block-paragraph\"><\/p>\n","protected":false},"excerpt":{"rendered":"<p>Young generation spricht alle GEOSUISSE-Mitglieder an.<\/p>\n","protected":false},"author":455,"featured_media":18069,"comment_status":"closed","ping_status":"closed","sticky":false,"template":"","format":"standard","meta":{"_acf_changed":false,"footnotes":""},"categories":[1940],"tags":[],"heftrubrik":[],"prioritaet":[405],"class_list":["post-18068","post","type-post","status-publish","format-standard","has-post-thumbnail","hentry","category-news-allgemein","prioritaet-prioritaet-3"],"acf":[],"publishpress_future_action":{"enabled":false,"date":"2026-09-08 00:54:45","action":"change-status","newStatus":"draft","terms":[],"taxonomy":"category","extraData":[]},"publishpress_future_workflow_manual_trigger":{"enabledWorkflows":[]},"_links":{"self":[{"href":"https:\/\/geomatik.ch\/fr\/wp-json\/wp\/v2\/posts\/18068","targetHints":{"allow":["GET"]}}],"collection":[{"href":"https:\/\/geomatik.ch\/fr\/wp-json\/wp\/v2\/posts"}],"about":[{"href":"https:\/\/geomatik.ch\/fr\/wp-json\/wp\/v2\/types\/post"}],"author":[{"embeddable":true,"href":"https:\/\/geomatik.ch\/fr\/wp-json\/wp\/v2\/users\/455"}],"replies":[{"embeddable":true,"href":"https:\/\/geomatik.ch\/fr\/wp-json\/wp\/v2\/comments?post=18068"}],"version-history":[{"count":1,"href":"https:\/\/geomatik.ch\/fr\/wp-json\/wp\/v2\/posts\/18068\/revisions"}],"predecessor-version":[{"id":18070,"href":"https:\/\/geomatik.ch\/fr\/wp-json\/wp\/v2\/posts\/18068\/revisions\/18070"}],"wp:featuredmedia":[{"embeddable":true,"href":"https:\/\/geomatik.ch\/fr\/wp-json\/wp\/v2\/media\/18069"}],"wp:attachment":[{"href":"https:\/\/geomatik.ch\/fr\/wp-json\/wp\/v2\/media?parent=18068"}],"wp:term":[{"taxonomy":"category","embeddable":true,"href":"https:\/\/geomatik.ch\/fr\/wp-json\/wp\/v2\/categories?post=18068"},{"taxonomy":"post_tag","embeddable":true,"href":"https:\/\/geomatik.ch\/fr\/wp-json\/wp\/v2\/tags?post=18068"},{"taxonomy":"heftrubrik","embeddable":true,"href":"https:\/\/geomatik.ch\/fr\/wp-json\/wp\/v2\/heftrubrik?post=18068"},{"taxonomy":"prioritaet","embeddable":true,"href":"https:\/\/geomatik.ch\/fr\/wp-json\/wp\/v2\/prioritaet?post=18068"}],"curies":[{"name":"wp","href":"https:\/\/api.w.org\/{rel}","templated":true}]}}