{"id":18303,"date":"2025-03-02T09:37:13","date_gmt":"2025-03-02T08:37:13","guid":{"rendered":"https:\/\/geomatik.ch\/?p=18303"},"modified":"2025-03-02T09:37:16","modified_gmt":"2025-03-02T08:37:16","slug":"dreilaendertagung-dgpf-sgpf-und-ovg-an-der-fhnw-in-muttenz-3-5-juni-2025","status":"publish","type":"post","link":"https:\/\/geomatik.ch\/fr\/dreilaendertagung-dgpf-sgpf-und-ovg-an-der-fhnw-in-muttenz-3-5-juni-2025\/","title":{"rendered":"Dreil\u00e4ndertagung DGPF, SGPF und OVG an der FHNW in Muttenz 3.-5. Juni 2025"},"content":{"rendered":"\n<p class=\"wp-block-paragraph\"><\/p>\n\n\n\n<p class=\"wp-block-paragraph\">Vom 3. bis 5. Juni 2025 findet die Dreil\u00e4ndertagung der Schweizerischen, Deutschen und \u00d6sterreichischen Gesellschaften f\u00fcr Photogrammetrie, Fernerkundung und Geoinformatik an der Fachhochschule Nordwestschweiz in Muttenz statt. Die Dreil\u00e4ndertagung wird im Turnus alle drei Jahre in Deutschland, \u00d6sterreich und der Schweiz durchgef\u00fchrt und gastiert nur alle 9 Jahre in der Schweiz.<\/p>\n\n\n\n<p class=\"wp-block-paragraph\">F\u00fcr die DLT 2025 werden ca. 300 \u2013 400 Teilnehmende aus Praxis, Hochschule und Industrie sowie 30 \u2013 40 Aussteller erwartet. Der topmoderne und grossz\u00fcgige FHNW Campus Muttenz bietet ein ideales Umfeld f\u00fcr das Fachprogramm, die eng integrierte attraktive Firmenausstellung und einen regen Austausch unter allen Beteiligten.<\/p>\n\n\n\n<p class=\"wp-block-paragraph\">Die Teilnehmenden erwartet ein top aktuelles wissenschaftliches Programm mit hochkar\u00e4tigen Keynotes sowie Plenar- und Parallelsessionen zu einem breiten Themenspektrum. Damit bietet die DLT 2025 eine einzigartige Gelegenheit, sich aus erster Hand \u00fcber die neusten Entwicklungen in einer Vielzahl von zukunftstr\u00e4chtigen Themenbereichen zu informieren, wie zum Beispiel:<\/p>\n\n\n\n<p class=\"wp-block-paragraph\">\u2022 UAV-Photogrammetrie und -Fernerkundung<\/p>\n\n\n\n<p class=\"wp-block-paragraph\">\u2022 Portable und Mobile Mapping Systeme<\/p>\n\n\n\n<p class=\"wp-block-paragraph\">\u2022 Topaktuelle neue Ans\u00e4tze zur 3D-Szenenrekonstruktion und -Visualisierung<\/p>\n\n\n\n<p class=\"wp-block-paragraph\">\u2022 Neue KI-Methoden und deren Einsatzm\u00f6glichkeiten<\/p>\n\n\n\n<p class=\"wp-block-paragraph\">\u2022 Nutzung historischer Luftbildarchive f\u00fcr Ver\u00e4nderungsanalysen<\/p>\n\n\n\n<p class=\"wp-block-paragraph\">\u2022 Herausforderungen und L\u00f6sungsans\u00e4tze beim Aufbau Digitaler Urbaner Zwillinge<\/p>\n\n\n\n<p class=\"wp-block-paragraph\">\u2022 Monitoring von Naturgefahren<\/p>\n\n\n\n<p class=\"wp-block-paragraph\">Keynotes von Prof. Dr. Christiane Schmullius (Institut f\u00fcr Geographie, Friedrich-Schiller-Universit\u00e4t Jena), Prof. Dr. Davide Scaramuzza (Robotics and Perception Group, Universit\u00e4t Z\u00fcrich) sowie Dr. David Oesch und Mathias Zesiger (Rapid Mapping &amp; Drought Monitoring, Swisstopo).<\/p>\n\n\n\n<p class=\"wp-block-paragraph\">Weitere Informationen und Anmeldung \u00fcber die Tagungswebseite: <a href=\"http:\/\/www.dlt2025.ch\">www.dlt2025.ch<\/a><\/p>\n","protected":false},"excerpt":{"rendered":"<p>Motto DLT 2025: \u00abRaumbezogene Bilddaten und K\u00fcnstliche Intelligenz f\u00fcr nachhaltige Lebensr\u00e4ume\u00bb<\/p>\n","protected":false},"author":455,"featured_media":18304,"comment_status":"closed","ping_status":"closed","sticky":false,"template":"","format":"standard","meta":{"_acf_changed":false,"footnotes":""},"categories":[1940],"tags":[],"heftrubrik":[],"prioritaet":[405],"class_list":["post-18303","post","type-post","status-publish","format-standard","has-post-thumbnail","hentry","category-news-allgemein","prioritaet-prioritaet-3"],"acf":[],"publishpress_future_action":{"enabled":false,"date":"2026-09-08 00:40:40","action":"change-status","newStatus":"draft","terms":[],"taxonomy":"category","extraData":[]},"publishpress_future_workflow_manual_trigger":{"enabledWorkflows":[]},"_links":{"self":[{"href":"https:\/\/geomatik.ch\/fr\/wp-json\/wp\/v2\/posts\/18303","targetHints":{"allow":["GET"]}}],"collection":[{"href":"https:\/\/geomatik.ch\/fr\/wp-json\/wp\/v2\/posts"}],"about":[{"href":"https:\/\/geomatik.ch\/fr\/wp-json\/wp\/v2\/types\/post"}],"author":[{"embeddable":true,"href":"https:\/\/geomatik.ch\/fr\/wp-json\/wp\/v2\/users\/455"}],"replies":[{"embeddable":true,"href":"https:\/\/geomatik.ch\/fr\/wp-json\/wp\/v2\/comments?post=18303"}],"version-history":[{"count":1,"href":"https:\/\/geomatik.ch\/fr\/wp-json\/wp\/v2\/posts\/18303\/revisions"}],"predecessor-version":[{"id":18305,"href":"https:\/\/geomatik.ch\/fr\/wp-json\/wp\/v2\/posts\/18303\/revisions\/18305"}],"wp:featuredmedia":[{"embeddable":true,"href":"https:\/\/geomatik.ch\/fr\/wp-json\/wp\/v2\/media\/18304"}],"wp:attachment":[{"href":"https:\/\/geomatik.ch\/fr\/wp-json\/wp\/v2\/media?parent=18303"}],"wp:term":[{"taxonomy":"category","embeddable":true,"href":"https:\/\/geomatik.ch\/fr\/wp-json\/wp\/v2\/categories?post=18303"},{"taxonomy":"post_tag","embeddable":true,"href":"https:\/\/geomatik.ch\/fr\/wp-json\/wp\/v2\/tags?post=18303"},{"taxonomy":"heftrubrik","embeddable":true,"href":"https:\/\/geomatik.ch\/fr\/wp-json\/wp\/v2\/heftrubrik?post=18303"},{"taxonomy":"prioritaet","embeddable":true,"href":"https:\/\/geomatik.ch\/fr\/wp-json\/wp\/v2\/prioritaet?post=18303"}],"curies":[{"name":"wp","href":"https:\/\/api.w.org\/{rel}","templated":true}]}}